{"id":249,"date":"2014-01-26T19:17:46","date_gmt":"2014-01-26T18:17:46","guid":{"rendered":"http:\/\/photoa.se\/?p=249"},"modified":"2014-01-26T20:37:17","modified_gmt":"2014-01-26T19:37:17","slug":"makrokurs-pa-botaniska-25-till-26-januari","status":"publish","type":"post","link":"https:\/\/photoa.se\/?p=249","title":{"rendered":"Makrokurs p\u00e5 botaniska 25 till 26 januari"},"content":{"rendered":"<p>Minus 9 vad g\u00f6r det n\u00e4r vi har ett fantastiskt klimat i v\u00e4xthusen, men oj vad helgen gick fort jag f\u00e5r passa p\u00e5 att tacka f\u00f6r en trevlig kurshelg med m\u00e5nga glada foto-entusiaster. H\u00e4r fl\u00f6dade kreativiteten och\u00a0 inspirationen var p\u00e5 topp.<\/p>\n<p>H\u00e4r blev det m\u00e5nga bra bilder och vi kan lugnt r\u00e4kna med att vi l\u00e4r f\u00e5 se mer av kursdeltagarnas stord\u00e5d i framtiden.<\/p>\n<p>Lycka till.<\/p>\n<p><a href=\"https:\/\/photoa.se\/wp-content\/uploads\/2014\/01\/namnl\u00f6st.jpg\"><img loading=\"lazy\" decoding=\"async\" class=\"alignnone size-large wp-image-251\" alt=\"\" src=\"https:\/\/photoa.se\/wp-content\/uploads\/2014\/01\/namnl\u00f6st-1024x768.jpg\" width=\"1024\" height=\"768\" srcset=\"https:\/\/photoa.se\/wp-content\/uploads\/2014\/01\/namnl\u00f6st-1024x768.jpg 1024w, https:\/\/photoa.se\/wp-content\/uploads\/2014\/01\/namnl\u00f6st-300x225.jpg 300w, https:\/\/photoa.se\/wp-content\/uploads\/2014\/01\/namnl\u00f6st.jpg 1200w\" sizes=\"auto, (max-width: 1024px) 100vw, 1024px\" \/><\/a><\/p>\n<div id=\"attachment_252\" style=\"width: 1034px\" class=\"wp-caption alignnone\"><a href=\"https:\/\/photoa.se\/wp-content\/uploads\/2014\/01\/namnl\u00f6st-2.jpg\"><img loading=\"lazy\" decoding=\"async\" aria-describedby=\"caption-attachment-252\" class=\"size-large wp-image-252\" alt=\"Koncentrerad\" src=\"https:\/\/photoa.se\/wp-content\/uploads\/2014\/01\/namnl\u00f6st-2-1024x768.jpg\" width=\"1024\" height=\"768\" srcset=\"https:\/\/photoa.se\/wp-content\/uploads\/2014\/01\/namnl\u00f6st-2-1024x768.jpg 1024w, https:\/\/photoa.se\/wp-content\/uploads\/2014\/01\/namnl\u00f6st-2-300x225.jpg 300w, https:\/\/photoa.se\/wp-content\/uploads\/2014\/01\/namnl\u00f6st-2.jpg 1200w\" sizes=\"auto, (max-width: 1024px) 100vw, 1024px\" \/><\/a><p id=\"caption-attachment-252\" class=\"wp-caption-text\">Koncentrerad<\/p><\/div>\n<p><a href=\"https:\/\/photoa.se\/wp-content\/uploads\/2014\/01\/JIW1239.jpg\"><img loading=\"lazy\" decoding=\"async\" class=\"alignnone size-large wp-image-250\" alt=\"_JIW1239\" src=\"https:\/\/photoa.se\/wp-content\/uploads\/2014\/01\/JIW1239-1024x683.jpg\" width=\"1024\" height=\"683\" srcset=\"https:\/\/photoa.se\/wp-content\/uploads\/2014\/01\/JIW1239-1024x683.jpg 1024w, https:\/\/photoa.se\/wp-content\/uploads\/2014\/01\/JIW1239-300x200.jpg 300w, https:\/\/photoa.se\/wp-content\/uploads\/2014\/01\/JIW1239.jpg 1200w\" sizes=\"auto, (max-width: 1024px) 100vw, 1024px\" \/><\/a><\/p>\n","protected":false},"excerpt":{"rendered":"<p>Minus 9 vad g\u00f6r det n\u00e4r vi har ett fantastiskt klimat i v\u00e4xthusen, men oj vad helgen gick fort jag f\u00e5r passa p\u00e5 att tacka f\u00f6r en trevlig kurshelg med m\u00e5nga glada foto-entusiaster. H\u00e4r fl\u00f6dade kreativiteten och\u00a0 inspirationen var p\u00e5 topp. H\u00e4r blev det m\u00e5nga bra bilder och vi kan lugnt r\u00e4kna med att vi<a class=\"rmore\" href=\"https:\/\/photoa.se\/?p=249\">&nbsp;&nbsp; Read More &#8230;<\/a><\/p>\n","protected":false},"author":1,"featured_media":250,"comment_status":"open","ping_status":"open","sticky":false,"template":"","format":"standard","meta":{"footnotes":""},"categories":[7],"tags":[],"class_list":["post-249","post","type-post","status-publish","format-standard","has-post-thumbnail","hentry","category-makrokurs"],"_links":{"self":[{"href":"https:\/\/photoa.se\/index.php?rest_route=\/wp\/v2\/posts\/249","targetHints":{"allow":["GET"]}}],"collection":[{"href":"https:\/\/photoa.se\/index.php?rest_route=\/wp\/v2\/posts"}],"about":[{"href":"https:\/\/photoa.se\/index.php?rest_route=\/wp\/v2\/types\/post"}],"author":[{"embeddable":true,"href":"https:\/\/photoa.se\/index.php?rest_route=\/wp\/v2\/users\/1"}],"replies":[{"embeddable":true,"href":"https:\/\/photoa.se\/index.php?rest_route=%2Fwp%2Fv2%2Fcomments&post=249"}],"version-history":[{"count":3,"href":"https:\/\/photoa.se\/index.php?rest_route=\/wp\/v2\/posts\/249\/revisions"}],"predecessor-version":[{"id":255,"href":"https:\/\/photoa.se\/index.php?rest_route=\/wp\/v2\/posts\/249\/revisions\/255"}],"wp:featuredmedia":[{"embeddable":true,"href":"https:\/\/photoa.se\/index.php?rest_route=\/wp\/v2\/media\/250"}],"wp:attachment":[{"href":"https:\/\/photoa.se\/index.php?rest_route=%2Fwp%2Fv2%2Fmedia&parent=249"}],"wp:term":[{"taxonomy":"category","embeddable":true,"href":"https:\/\/photoa.se\/index.php?rest_route=%2Fwp%2Fv2%2Fcategories&post=249"},{"taxonomy":"post_tag","embeddable":true,"href":"https:\/\/photoa.se\/index.php?rest_route=%2Fwp%2Fv2%2Ftags&post=249"}],"curies":[{"name":"wp","href":"https:\/\/api.w.org\/{rel}","templated":true}]}}