{"id":319,"date":"2014-12-08T10:37:10","date_gmt":"2014-12-08T09:37:10","guid":{"rendered":"http:\/\/photoa.se\/?p=319"},"modified":"2014-12-08T10:37:10","modified_gmt":"2014-12-08T09:37:10","slug":"utstallning-bilder-pa-nara-hall-i-molndal-annexet-pa-scandinavian-photo-ab","status":"publish","type":"post","link":"https:\/\/photoa.se\/?p=319","title":{"rendered":"Utst\u00e4llning &#8221; Bilder p\u00e5 N\u00e4ra-H\u00e5ll&#8221; i M\u00f6lndal, Annexet p\u00e5 Scandinavian Photo AB"},"content":{"rendered":"<p>Makro och n\u00e4rbilder fr\u00e5n v\u00e5ra kursdeltagare som st\u00e4ller ut sina bilder den 6 december &#8211; 3 januari<br \/>\nPlats: Annexet p\u00e5 Scandinavian Photo i M\u00f6lndal<\/p>\n<p>Det kommer att vara en samlingsutst\u00e4llning med 14 amat\u00f6rfotografer som st\u00e4ller ut och visar sina b\u00e4sta makro och n\u00e4rbilder.<\/p>\n<p>Utst\u00e4llning \u00e4r i utst\u00e4llningsannexet tillh\u00f6rande Scandinavianphoto p\u00e5 S\u00f6dra \u00c5gatan 18A i M\u00f6lndal<\/p>\n<p>Utst\u00e4llningen invigs med ett Vernissage den 6 december mellan 11:00 &#8211; 14:00 d\u00e4r det d\u00e5 finns m\u00f6jlighet att f\u00e5 tr\u00e4ffa fotograferna bakom sina verk<br \/>\nUtst\u00e4llningen p\u00e5g\u00e5r sedan fram till efter ny\u00e5r.<\/p>\n<p>V\u00e4l m\u00f6tt<\/p>\n","protected":false},"excerpt":{"rendered":"<p>Makro och n\u00e4rbilder fr\u00e5n v\u00e5ra kursdeltagare som st\u00e4ller ut sina bilder den 6 december &#8211; 3 januari Plats: Annexet p\u00e5 Scandinavian Photo i M\u00f6lndal Det kommer att vara en samlingsutst\u00e4llning med 14 amat\u00f6rfotografer som st\u00e4ller ut och visar sina b\u00e4sta makro och n\u00e4rbilder. Utst\u00e4llning \u00e4r i utst\u00e4llningsannexet tillh\u00f6rande Scandinavianphoto p\u00e5 S\u00f6dra \u00c5gatan 18A i M\u00f6lndal<a class=\"rmore\" href=\"https:\/\/photoa.se\/?p=319\">&nbsp;&nbsp; Read More &#8230;<\/a><\/p>\n","protected":false},"author":1,"featured_media":320,"comment_status":"open","ping_status":"open","sticky":false,"template":"","format":"standard","meta":{"footnotes":""},"categories":[1],"tags":[],"class_list":["post-319","post","type-post","status-publish","format-standard","has-post-thumbnail","hentry","category-uncategorized"],"_links":{"self":[{"href":"https:\/\/photoa.se\/index.php?rest_route=\/wp\/v2\/posts\/319","targetHints":{"allow":["GET"]}}],"collection":[{"href":"https:\/\/photoa.se\/index.php?rest_route=\/wp\/v2\/posts"}],"about":[{"href":"https:\/\/photoa.se\/index.php?rest_route=\/wp\/v2\/types\/post"}],"author":[{"embeddable":true,"href":"https:\/\/photoa.se\/index.php?rest_route=\/wp\/v2\/users\/1"}],"replies":[{"embeddable":true,"href":"https:\/\/photoa.se\/index.php?rest_route=%2Fwp%2Fv2%2Fcomments&post=319"}],"version-history":[{"count":1,"href":"https:\/\/photoa.se\/index.php?rest_route=\/wp\/v2\/posts\/319\/revisions"}],"predecessor-version":[{"id":321,"href":"https:\/\/photoa.se\/index.php?rest_route=\/wp\/v2\/posts\/319\/revisions\/321"}],"wp:featuredmedia":[{"embeddable":true,"href":"https:\/\/photoa.se\/index.php?rest_route=\/wp\/v2\/media\/320"}],"wp:attachment":[{"href":"https:\/\/photoa.se\/index.php?rest_route=%2Fwp%2Fv2%2Fmedia&parent=319"}],"wp:term":[{"taxonomy":"category","embeddable":true,"href":"https:\/\/photoa.se\/index.php?rest_route=%2Fwp%2Fv2%2Fcategories&post=319"},{"taxonomy":"post_tag","embeddable":true,"href":"https:\/\/photoa.se\/index.php?rest_route=%2Fwp%2Fv2%2Ftags&post=319"}],"curies":[{"name":"wp","href":"https:\/\/api.w.org\/{rel}","templated":true}]}}