{"id":385,"date":"2017-12-18T22:16:35","date_gmt":"2017-12-18T21:16:35","guid":{"rendered":"http:\/\/photoa.se\/?p=385"},"modified":"2017-12-18T22:17:01","modified_gmt":"2017-12-18T21:17:01","slug":"en-glogg-photo-walk-med-fokus-pa-vaxthusen-ur-ett-makro-perspektiv-pa-annandag-jul","status":"publish","type":"post","link":"https:\/\/photoa.se\/?p=385","title":{"rendered":"En Gl\u00f6gg Photo-walk med fokus p\u00e5 v\u00e4xthusen ur ett makro perspektiv p\u00e5 annandag jul"},"content":{"rendered":"<p>Hej alla glada fotov\u00e4nner<\/p>\n<p>Nu \u00e4r det dags f\u00f6r den \u00e5rliga tr\u00e4ffen i botaniska v\u00e4xthuset p\u00e5 annandagen.<\/p>\n<p>Anm\u00e4lan sker under fliken &#8221;kurser&#8221; klicka p\u00e5 datumet<\/p>\n<p>Vi ses<\/p>\n","protected":false},"excerpt":{"rendered":"<p>Hej alla glada fotov\u00e4nner Nu \u00e4r det dags f\u00f6r den \u00e5rliga tr\u00e4ffen i botaniska v\u00e4xthuset p\u00e5 annandagen. Anm\u00e4lan sker under fliken &#8221;kurser&#8221; klicka p\u00e5 datumet Vi ses<\/p>\n","protected":false},"author":1,"featured_media":343,"comment_status":"open","ping_status":"open","sticky":false,"template":"","format":"standard","meta":{"footnotes":""},"categories":[15],"tags":[23],"class_list":["post-385","post","type-post","status-publish","format-standard","has-post-thumbnail","hentry","category-photo-walk-2","tag-botaniska"],"_links":{"self":[{"href":"https:\/\/photoa.se\/index.php?rest_route=\/wp\/v2\/posts\/385","targetHints":{"allow":["GET"]}}],"collection":[{"href":"https:\/\/photoa.se\/index.php?rest_route=\/wp\/v2\/posts"}],"about":[{"href":"https:\/\/photoa.se\/index.php?rest_route=\/wp\/v2\/types\/post"}],"author":[{"embeddable":true,"href":"https:\/\/photoa.se\/index.php?rest_route=\/wp\/v2\/users\/1"}],"replies":[{"embeddable":true,"href":"https:\/\/photoa.se\/index.php?rest_route=%2Fwp%2Fv2%2Fcomments&post=385"}],"version-history":[{"count":3,"href":"https:\/\/photoa.se\/index.php?rest_route=\/wp\/v2\/posts\/385\/revisions"}],"predecessor-version":[{"id":391,"href":"https:\/\/photoa.se\/index.php?rest_route=\/wp\/v2\/posts\/385\/revisions\/391"}],"wp:featuredmedia":[{"embeddable":true,"href":"https:\/\/photoa.se\/index.php?rest_route=\/wp\/v2\/media\/343"}],"wp:attachment":[{"href":"https:\/\/photoa.se\/index.php?rest_route=%2Fwp%2Fv2%2Fmedia&parent=385"}],"wp:term":[{"taxonomy":"category","embeddable":true,"href":"https:\/\/photoa.se\/index.php?rest_route=%2Fwp%2Fv2%2Fcategories&post=385"},{"taxonomy":"post_tag","embeddable":true,"href":"https:\/\/photoa.se\/index.php?rest_route=%2Fwp%2Fv2%2Ftags&post=385"}],"curies":[{"name":"wp","href":"https:\/\/api.w.org\/{rel}","templated":true}]}}