{"id":433,"date":"2023-07-28T11:54:43","date_gmt":"2023-07-28T09:54:43","guid":{"rendered":"https:\/\/photoa.se\/?p=433"},"modified":"2023-07-31T10:36:30","modified_gmt":"2023-07-31T08:36:30","slug":"fotokurs-pa-botaniska-i-goteborg-med-dahlior-som-fortecken","status":"publish","type":"post","link":"https:\/\/photoa.se\/?p=433","title":{"rendered":"Fotokurs p\u00e5 Botaniska i G\u00f6teborg med Dahlian som f\u00f6rtecken"},"content":{"rendered":"\n<p>Nu \u00e4r dahliorna i full blom en f\u00e4rgexplosion I nya Kulturtr\u00e4dg\u00e5rdarna vid &#8221;herrg\u00e5rden&#8221; h\u00e4r finns fantastiska Dahlior i alla former och i alla m\u00f6jliga o om\u00f6jliga f\u00e4rger.<\/p>\n\n\n\n<p>F\u00f6lj med p\u00e5 en dagskurs i tr\u00e4dg\u00e5rdsfoto d\u00e4r temat \u00e4r v\u00e5ra fantastisk Dahlior och allt som v\u00e4xter i den nya avdelningen Kulturtr\u00e4dg\u00e5rdarna p\u00e5 G\u00f6teborgsbotaniska tr\u00e4dg\u00e5rdar.<\/p>\n\n\n\n<p>En fotokurs f\u00f6r dig som vill komma ig\u00e5ng med tr\u00e4dg\u00e5rdsfoto eller ut\u00f6ka dina kunskaper och f\u00e5 lite handgriplig hj\u00e4lp.<\/p>\n\n\n\n<p>Detta \u00e4r en temakurs i praktiskt tr\u00e4dg\u00e5rdsfoto med inriktning p\u00e5 Dahlian och n\u00e4rbild fotografering av blommor.<\/p>\n\n\n\n<p>V\u00e4nder sig till alla med lite f\u00f6rkunskap i foto och vet lite om hur kameran fungerar men vill l\u00e4ra sig lite mera om det praktiska i tr\u00e4dg\u00e5rds fotografering.<\/p>\n\n\n\n<p>Vi kommer att vara en liten grupp d\u00e4r vi tar oss tid till att l\u00e4ra och utforska tr\u00e4dg\u00e5rden och sommarens temablomma Dahlian tillsammans.<\/p>\n\n\n\n<p>Dagen kommer att inneh\u00e5lla olika tema med praktiska \u00f6vningar d\u00e4r vi reder ut f\u00f6ljande begrepp:<\/p>\n\n\n\n<ul class=\"wp-block-list\">\n<li>Hur g\u00f6r jag f\u00f6r att f\u00e5nga blommorna.<\/li>\n\n\n\n<li>Vilka tekniker finns.<\/li>\n\n\n\n<li>Utrustning; vad passar till vad, kan man anv\u00e4nda vilken kamera som helst, objektiv, b\u00e4lgar, f\u00f6rs\u00e4ttslinser och mycket annat.<\/li>\n\n\n\n<li>Hur st\u00e4ller jag in kameran, h\u00e4r g\u00e5r vi genom flera olika typer av inst\u00e4llningar.<\/li>\n\n\n\n<li>Tid och Bl\u00e4ndare,&nbsp; p\u00e5verkan av sk\u00e4rpedjup<\/li>\n\n\n\n<li>Exponering, ISO, ljus och m\u00f6rker.<\/li>\n\n\n\n<li>Var skall jag s\u00e4tta sk\u00e4rpan, vilken del skall vara i fokus<\/li>\n\n\n\n<li>Romantiskt skimmer, High key, swirl ?<\/li>\n\n\n\n<li>Multiexponering, stackning och betydelsen av en hel del andra \u201dunderliga\u201d ord.<\/li>\n\n\n\n<li>Bakgrunder.<\/li>\n\n\n\n<li>Ljuss\u00e4ttning, hj\u00e4lpmedel<\/li>\n<\/ul>\n\n\n\n<p>Det h\u00e4r \u00e4r n\u00e5gra exempel p\u00e5 problemst\u00e4llningar som man kan st\u00e4llas inf\u00f6r men vi kommer att f\u00e5 svar p\u00e5 dessa och m\u00e5nga andra fr\u00e5gor som dyker upp under dagen.<\/p>\n\n\n\n<p>Boka i kurskalendern under 13 Augusti, eller via direkt l\u00e4nken nedan<\/p>\n\n\n\n<p><a href=\"https:\/\/photoa.se\/?event=fotografera-vara-vackra-dahlior-pa-botaniska-en-tema-kurs\">https:\/\/photoa.se\/?event=fotografera-vara-vackra-dahlior-pa-botaniska-en-tema-kurs<\/a><\/p>\n","protected":false},"excerpt":{"rendered":"<p>Nu \u00e4r dahliorna i full blom en f\u00e4rgexplosion I nya Kulturtr\u00e4dg\u00e5rdarna vid &#8221;herrg\u00e5rden&#8221; h\u00e4r finns fantastiska Dahlior i alla former och i alla m\u00f6jliga o om\u00f6jliga f\u00e4rger. F\u00f6lj med p\u00e5 en dagskurs i tr\u00e4dg\u00e5rdsfoto d\u00e4r temat \u00e4r v\u00e5ra fantastisk Dahlior och allt som v\u00e4xter i den nya avdelningen Kulturtr\u00e4dg\u00e5rdarna p\u00e5 G\u00f6teborgsbotaniska tr\u00e4dg\u00e5rdar. En fotokurs f\u00f6r<a class=\"rmore\" href=\"https:\/\/photoa.se\/?p=433\">&nbsp;&nbsp; Read More &#8230;<\/a><\/p>\n","protected":false},"author":1,"featured_media":0,"comment_status":"open","ping_status":"open","sticky":false,"template":"","format":"standard","meta":{"footnotes":""},"categories":[7],"tags":[],"class_list":["post-433","post","type-post","status-publish","format-standard","hentry","category-makrokurs"],"_links":{"self":[{"href":"https:\/\/photoa.se\/index.php?rest_route=\/wp\/v2\/posts\/433","targetHints":{"allow":["GET"]}}],"collection":[{"href":"https:\/\/photoa.se\/index.php?rest_route=\/wp\/v2\/posts"}],"about":[{"href":"https:\/\/photoa.se\/index.php?rest_route=\/wp\/v2\/types\/post"}],"author":[{"embeddable":true,"href":"https:\/\/photoa.se\/index.php?rest_route=\/wp\/v2\/users\/1"}],"replies":[{"embeddable":true,"href":"https:\/\/photoa.se\/index.php?rest_route=%2Fwp%2Fv2%2Fcomments&post=433"}],"version-history":[{"count":4,"href":"https:\/\/photoa.se\/index.php?rest_route=\/wp\/v2\/posts\/433\/revisions"}],"predecessor-version":[{"id":437,"href":"https:\/\/photoa.se\/index.php?rest_route=\/wp\/v2\/posts\/433\/revisions\/437"}],"wp:attachment":[{"href":"https:\/\/photoa.se\/index.php?rest_route=%2Fwp%2Fv2%2Fmedia&parent=433"}],"wp:term":[{"taxonomy":"category","embeddable":true,"href":"https:\/\/photoa.se\/index.php?rest_route=%2Fwp%2Fv2%2Fcategories&post=433"},{"taxonomy":"post_tag","embeddable":true,"href":"https:\/\/photoa.se\/index.php?rest_route=%2Fwp%2Fv2%2Ftags&post=433"}],"curies":[{"name":"wp","href":"https:\/\/api.w.org\/{rel}","templated":true}]}}